{"id":242,"date":"2022-05-03T12:16:17","date_gmt":"2022-05-03T12:16:17","guid":{"rendered":"http:\/\/ananias.adv.br\/blog\/?p=242"},"modified":"2022-05-03T15:02:15","modified_gmt":"2022-05-03T15:02:15","slug":"alienacao-parental-um-problema-real-das-familias-brasileira","status":"publish","type":"post","link":"http:\/\/ananias.adv.br\/blog\/?p=242","title":{"rendered":"Aliena\u00e7\u00e3o parental: Um problema real das fam\u00edlias brasileiras"},"content":{"rendered":"\n<p>Podemos definir a <strong>\u201caliena\u00e7\u00e3o parental\u201d<\/strong> como sendo&nbsp; os atos praticados entre parentes que <strong>t\u00eam por objetivo excluir um outro parente do conv\u00edvio afetivo, emocional e social da crian\u00e7a ou do adolescente<\/strong>.&nbsp;<\/p>\n\n\n\n<p>Aliena\u00e7\u00e3o parental \u00e9 um problema social que atinge as fam\u00edlias de todas as classes sociais e colocam parentes em \u201cp\u00e9 de guerra\u201d . Normalmente, a aliena\u00e7\u00e3o parental \u00e9 feita pelos pais, que passam a praticar atos visando afastar o (os) filho (s) de um dos genitores.<\/p>\n\n\n\n<p>&nbsp;Tamb\u00e9m \u00e9 comum a ocorr\u00eancia de atos de aliena\u00e7\u00e3o parental praticados <strong>contra, ou a favor de av\u00f3s, tios e irm\u00e3os <\/strong>. \u00c9 o caso da av\u00f3 que busca afastar o neto do pai, ou a m\u00e3e que busca impedir a rela\u00e7\u00e3o dos filhos com os av\u00f3s. S\u00e3o in\u00fameras as situa\u00e7\u00f5es que somente a an\u00e1lise do caso concreto poder\u00e1 revelar o tipo e a forma de solucion\u00e1-la. Por isso a import\u00e2ncia de consultar um advogado especialista na \u00e1rea.<\/p>\n\n\n\n<p>Se algu\u00e9m est\u00e1 sofrendo por ser v\u00edtima de atos de aliena\u00e7\u00e3o parental, \u00e9 poss\u00edvel ingressar com uma A\u00e7\u00e3o judicial e pedir ao juiz:<\/p>\n\n\n\n<ol><li><strong>A aplica\u00e7\u00e3o de multa<\/strong> ao parente que est\u00e1 praticando&nbsp; atos de&nbsp; aliena\u00e7\u00e3o parental.<\/li><li><strong>A amplia\u00e7\u00e3o do tempo de conv\u00edvio<\/strong> da crian\u00e7a ou adolescente com o parente que est\u00e1 sendo v\u00edtima de aliena\u00e7\u00e3o.&nbsp;<\/li><li><strong>A realiza\u00e7\u00e3o de per\u00edcias sociais e psicol\u00f3gicas<\/strong> para aferir os danos causados \u00e0 crian\u00e7a ou ao adolecente.<\/li><li>A retirada ou suspens\u00e3o de eventual dever de guarda do menor que est\u00e1 sendo v\u00edtima de atos de aliena\u00e7\u00e3o parental<\/li><\/ol>\n\n\n\n<ol start=\"5\"><li>A suspens\u00e3o ou a retirada de eventual poder familiar&nbsp; do agressor.<\/li><\/ol>\n\n\n\n<p><strong>Nosso escrit\u00f3rio de advogados possui ampla experi\u00eancia sobre resolu\u00e7\u00e3o de problemas de aliena\u00e7\u00e3o parental.<\/strong><\/p>\n","protected":false},"excerpt":{"rendered":"<p>Podemos definir a \u201caliena\u00e7\u00e3o parental\u201d como sendo&nbsp; os atos praticados entre parentes que t\u00eam por objetivo excluir um outro parente do conv\u00edvio afetivo, emocional e social da crian\u00e7a ou do adolescente.&nbsp; Aliena\u00e7\u00e3o parental \u00e9 um problema social que atinge as fam\u00edlias de todas as classes sociais e colocam parentes em \u201cp\u00e9 de guerra\u201d . Normalmente, [&hellip;]<\/p>\n","protected":false},"author":1,"featured_media":286,"comment_status":"open","ping_status":"open","sticky":false,"template":"","format":"standard","meta":[],"categories":[6],"tags":[],"_links":{"self":[{"href":"http:\/\/ananias.adv.br\/blog\/index.php?rest_route=\/wp\/v2\/posts\/242"}],"collection":[{"href":"http:\/\/ananias.adv.br\/blog\/index.php?rest_route=\/wp\/v2\/posts"}],"about":[{"href":"http:\/\/ananias.adv.br\/blog\/index.php?rest_route=\/wp\/v2\/types\/post"}],"author":[{"embeddable":true,"href":"http:\/\/ananias.adv.br\/blog\/index.php?rest_route=\/wp\/v2\/users\/1"}],"replies":[{"embeddable":true,"href":"http:\/\/ananias.adv.br\/blog\/index.php?rest_route=%2Fwp%2Fv2%2Fcomments&post=242"}],"version-history":[{"count":2,"href":"http:\/\/ananias.adv.br\/blog\/index.php?rest_route=\/wp\/v2\/posts\/242\/revisions"}],"predecessor-version":[{"id":287,"href":"http:\/\/ananias.adv.br\/blog\/index.php?rest_route=\/wp\/v2\/posts\/242\/revisions\/287"}],"wp:featuredmedia":[{"embeddable":true,"href":"http:\/\/ananias.adv.br\/blog\/index.php?rest_route=\/wp\/v2\/media\/286"}],"wp:attachment":[{"href":"http:\/\/ananias.adv.br\/blog\/index.php?rest_route=%2Fwp%2Fv2%2Fmedia&parent=242"}],"wp:term":[{"taxonomy":"category","embeddable":true,"href":"http:\/\/ananias.adv.br\/blog\/index.php?rest_route=%2Fwp%2Fv2%2Fcategories&post=242"},{"taxonomy":"post_tag","embeddable":true,"href":"http:\/\/ananias.adv.br\/blog\/index.php?rest_route=%2Fwp%2Fv2%2Ftags&post=242"}],"curies":[{"name":"wp","href":"https:\/\/api.w.org\/{rel}","templated":true}]}}